{"id":4579,"date":"2013-02-15T00:20:36","date_gmt":"2013-02-14T23:20:36","guid":{"rendered":"http:\/\/berliner-liste.com\/de\/berliner-liste-feiert-10-jahriges-jubilaum-im-kraftwerk-berlin-mitte\/"},"modified":"2013-02-15T00:20:36","modified_gmt":"2013-02-14T23:20:36","slug":"berliner-liste-feiert-10-jahriges-jubilaum-im-kraftwerk-berlin-mitte","status":"publish","type":"post","link":"https:\/\/discoveryartfair.com\/de\/berliner-liste-feiert-10-jahriges-jubilaum-im-kraftwerk-berlin-mitte\/","title":{"rendered":"BERLINER LISTE feiert 10-j\u00e4hriges Jubil\u00e4um im Kraftwerk Berlin Mitte"},"content":{"rendered":"<p><!--:de-->Vom <strong>19. \u2013 22. September 2013<\/strong>, zur Berlin Art Week, findet die BERLINER LISTE erneut im Kraftwerk Mitte in der K\u00f6penicker Stra\u00dfe statt. Zum 10. Mal l\u00e4dt die Messe f\u00fcr zeitgen\u00f6ssische und moderne Kunst internationale Galerien, Projektr\u00e4ume und K\u00fcnstler dazu ein, sich als Aussteller zu bewerben. Angesprochen sind vor allem neue, spannende Talente und Galerieprogramme, die sich im au\u00dfergew\u00f6hnlichen Ambiente der fr\u00fcheren Kraftwerkshalle in Berlin-Mitte einem breiten Publikum pr\u00e4sentieren m\u00f6chten.<\/p>\n<p>Die komplette Pressemitteilung k\u00f6nnen Sie hier als <a title=\"PM Start BERLINER LISTE 2013\" href=\"http:\/\/discoveryartfair.com\/wordpress\/wp-content\/uploads\/2013\/02\/PM_Start-BERLINER-LISTE_2013.pdf\" target=\"_blank\">pdf-Datei<\/a> downloaden.<!--:--><!--:en-->Alongside the Berlin Art Week, the BERLINER LISTE takes place from <strong>September 19th to 22nd<\/strong> once again in Kraftwerk Mitte on K\u00f6penicker Stra\u00dfe, right in the heart of Berlin. For the tenth time, the fair invites international galleries, project groups and artists to submit their applications to exhibit. New, exciting talents and gallery programmes are particularly encouraged to apply and present their work to a wide audience in the extraordinary atmosphere of the former power station in Berlin Mitte.<\/p>\n<p>Please click here to download the press release as a <a title=\"press release start 2013\" href=\"http:\/\/discoveryartfair.com\/wordpress\/wp-content\/uploads\/2013\/02\/PM-Start_BERLINER_LISTE_2013_engl.pdf\" target=\"_blank\">pdf-file<\/a>.<!--:--><\/p>\n","protected":false},"excerpt":{"rendered":"<p>Vom 19. \u2013 22. September 2013, zur Berlin Art Week, findet die BERLINER LISTE erneut im Kraftwerk Mitte in der K\u00f6penicker Stra\u00dfe statt. Zum 10. Mal l\u00e4dt die Messe f\u00fcr zeitgen\u00f6ssische und moderne Kunst internationale Galerien, Projektr\u00e4ume und K\u00fcnstler dazu ein, sich als Aussteller zu bewerben. Angesprochen sind vor allem neue, spannende Talente und Galerieprogramme, [&hellip;]<\/p>\n","protected":false},"author":1,"featured_media":0,"comment_status":"open","ping_status":"open","sticky":false,"template":"","format":"standard","meta":{"_acf_changed":false,"footnotes":""},"categories":[110],"tags":[],"class_list":["post-4579","post","type-post","status-publish","format-standard","hentry","category-pressemitteilungen"],"acf":[],"_links":{"self":[{"href":"https:\/\/discoveryartfair.com\/de\/wp-json\/wp\/v2\/posts\/4579","targetHints":{"allow":["GET"]}}],"collection":[{"href":"https:\/\/discoveryartfair.com\/de\/wp-json\/wp\/v2\/posts"}],"about":[{"href":"https:\/\/discoveryartfair.com\/de\/wp-json\/wp\/v2\/types\/post"}],"author":[{"embeddable":true,"href":"https:\/\/discoveryartfair.com\/de\/wp-json\/wp\/v2\/users\/1"}],"replies":[{"embeddable":true,"href":"https:\/\/discoveryartfair.com\/de\/wp-json\/wp\/v2\/comments?post=4579"}],"version-history":[{"count":0,"href":"https:\/\/discoveryartfair.com\/de\/wp-json\/wp\/v2\/posts\/4579\/revisions"}],"wp:attachment":[{"href":"https:\/\/discoveryartfair.com\/de\/wp-json\/wp\/v2\/media?parent=4579"}],"wp:term":[{"taxonomy":"category","embeddable":true,"href":"https:\/\/discoveryartfair.com\/de\/wp-json\/wp\/v2\/categories?post=4579"},{"taxonomy":"post_tag","embeddable":true,"href":"https:\/\/discoveryartfair.com\/de\/wp-json\/wp\/v2\/tags?post=4579"}],"curies":[{"name":"wp","href":"https:\/\/api.w.org\/{rel}","templated":true}]}}