{"id":11062,"date":"2024-11-02T15:49:49","date_gmt":"2024-11-02T15:49:49","guid":{"rendered":"https:\/\/discoveryartfair.com\/?p=11062\/"},"modified":"2024-11-12T08:50:23","modified_gmt":"2024-11-12T08:50:23","slug":"holzskulpturen-frankfurt-2024","status":"publish","type":"post","link":"https:\/\/discoveryartfair.com\/de\/holzskulpturen-frankfurt-2024\/","title":{"rendered":"Lebendige Tradition: Holzskulpturen auf der DAF Frankfurt"},"content":{"rendered":"<p>Woran denken wir, wenn wir an eine Skulptur denken?<\/p>\n<p>An eine glei\u00dfend helle, perfekte Marmorarbeit oder ein strenges Bronzeportr\u00e4t?<\/p>\n<p>Wie oft denken wir an Holz als bescheidenes, uraltes und vielfach traditionelles Material?<\/p>\n<p>Als scheinbar verg\u00e4ngliches Material wurde Holz im Laufe der Zeit durch Metall und Stein ersetzt. Insbesondere in Deutschland gibt es jedoch eine Reihe von K\u00fcnstlerinnen und K\u00fcnstlern, die es am Leben erhalten.<\/p>\n<p>Seit dem Mittelalter, als Holz im Auftrag der katholischen Kirche vor allem als Ausgangsmaterial f\u00fcr Votivskulpturen und Kreuze diente, werden B\u00e4ume als Material eingesetzt, das von Dauer und dabei leicht zu schnitzen und zu formen, zu f\u00e4rben und zu beschaffen ist. In einem waldreichen Land war es nur folgerichtig, durch die Wahl des Holzes den Charakter der lokalen Skulpturherstellung zu pr\u00e4gen.<\/p>\n<div id=\"attachment_10972\" style=\"width: 1150px\" class=\"wp-caption aligncenter\"><img loading=\"lazy\" decoding=\"async\" aria-describedby=\"caption-attachment-10972\" class=\"size-full wp-image-10972\" src=\"https:\/\/discoveryartfair.com\/wp-content\/uploads\/2024\/11\/Jozek-Nowak-sculptures.jpg\" alt=\"Jozek Nowak sculptures\" width=\"1140\" height=\"792\" srcset=\"https:\/\/discoveryartfair.com\/wp-content\/uploads\/2024\/11\/Jozek-Nowak-sculptures.jpg 1140w, https:\/\/discoveryartfair.com\/wp-content\/uploads\/2024\/11\/Jozek-Nowak-sculptures-300x208.jpg 300w, https:\/\/discoveryartfair.com\/wp-content\/uploads\/2024\/11\/Jozek-Nowak-sculptures-1024x711.jpg 1024w, https:\/\/discoveryartfair.com\/wp-content\/uploads\/2024\/11\/Jozek-Nowak-sculptures-768x534.jpg 768w\" sizes=\"auto, (max-width: 1140px) 100vw, 1140px\" \/><\/p>\n<p id=\"caption-attachment-10972\" class=\"wp-caption-text\">Jozek Nowak sculptures (<a href=\"https:\/\/www.arpgalerie.de\/\" target=\"_blank\" rel=\"noopener\">ARP Galerie<\/a>)<\/p>\n<\/div>\n<div id=\"attachment_10980\" style=\"width: 521px\" class=\"wp-caption aligncenter\"><img loading=\"lazy\" decoding=\"async\" aria-describedby=\"caption-attachment-10980\" class=\"size-full wp-image-10980\" src=\"https:\/\/discoveryartfair.com\/wp-content\/uploads\/2024\/11\/Cuno-Sauertieg-wooden-sculpture.jpg\" alt=\"Cuno Sauertieg wooden sculpture\" width=\"511\" height=\"671\" srcset=\"https:\/\/discoveryartfair.com\/wp-content\/uploads\/2024\/11\/Cuno-Sauertieg-wooden-sculpture.jpg 511w, https:\/\/discoveryartfair.com\/wp-content\/uploads\/2024\/11\/Cuno-Sauertieg-wooden-sculpture-228x300.jpg 228w\" sizes=\"auto, (max-width: 511px) 100vw, 511px\" \/><\/p>\n<p id=\"caption-attachment-10980\" class=\"wp-caption-text\">Cuno Sauertieg wooden sculpture (<a href=\"http:\/\/schall-und-echo.art\" target=\"_blank\" rel=\"noopener\">Schall und Echo Art<\/a>)<\/p>\n<\/div>\n<h2>Bildhauerei in Holz \u2013 Jahrhunderte lang<\/h2>\n<p>Denken wir an kunstvoll ausgereifte gotische Alt\u00e4re, die Skulpturen von Madonna und Kind, an Volkskunst und die Experimente der fr\u00fchen Moderne. Obwohl Holz als Material nie eine glanzvolle Wahl war, war es doch immer pr\u00e4sent \u2013 als zuverl\u00e4ssige, dauerhafte, gute Option f\u00fcr alle Kreativen, die ihre Umgebung und, bewusst oder unbewusst, die Tradition wertsch\u00e4tzen.<\/p>\n<p>Auch heute sind Holzskulpturen in Deutschland mehr als lebendig, haben sich doch viele ber\u00fchmte K\u00fcnstler daf\u00fcr entschieden, St\u00e4mmen eine Form zu geben. Wir reden hierbei nicht nur von Koryph\u00e4en wie Georg Baselitz oder Stephan Balkenhol, sondern von einer ganzen K\u00fcnstlergeneration, die sich in ihren Ateliers der Arbeit mit Holz widmet.<\/p>\n<p>Die Holzskulptur ist seit den Anf\u00e4ngen der Messe auf der Discovery Art Fair pr\u00e4sent. Die 7. Ausgabe der Frankfurter Veranstaltung r\u00fcckt sie nun in den Mittelpunkt. Das Messegel\u00e4nde wird geradezu von Holzskulpturen beherrscht, angefangen von Achim Rippergers monumentalem Werk au\u00dferhalb der Halle.<\/p>\n<p>Eindrucksvoll ist die Anzahl der aus Linde, Ahorn, Zeder, Pappel, Kiefer und anderen nat\u00fcrlichen Materialien des Waldes geschnitzten Werke. Wir helfen Ihnen dabei, sich einen Eindruck davon zu verschaffen, auf welche Weise und in welchem Ausma\u00df sich zeitgen\u00f6ssische K\u00fcnstler mit k\u00fcnstlerischen Holzarbeiten besch\u00e4ftigen.<\/p>\n<div id=\"attachment_10981\" style=\"width: 573px\" class=\"wp-caption aligncenter\"><img loading=\"lazy\" decoding=\"async\" aria-describedby=\"caption-attachment-10981\" class=\"size-full wp-image-10981\" src=\"https:\/\/discoveryartfair.com\/wp-content\/uploads\/2024\/11\/Stephan-Balkenhol-sculpture.jpg\" alt=\"Stephan Balkenhol sculpture\" width=\"563\" height=\"750\" srcset=\"https:\/\/discoveryartfair.com\/wp-content\/uploads\/2024\/11\/Stephan-Balkenhol-sculpture.jpg 563w, https:\/\/discoveryartfair.com\/wp-content\/uploads\/2024\/11\/Stephan-Balkenhol-sculpture-225x300.jpg 225w\" sizes=\"auto, (max-width: 563px) 100vw, 563px\" \/><\/p>\n<p id=\"caption-attachment-10981\" class=\"wp-caption-text\">Stephan Balkenhol sculpture (<a href=\"https:\/\/www.galerie-am-dom.de\/\" target=\"_blank\" rel=\"noopener\">Galerie am Dom<\/a>)<\/p>\n<\/div>\n<div id=\"attachment_10978\" style=\"width: 573px\" class=\"wp-caption aligncenter\"><img loading=\"lazy\" decoding=\"async\" aria-describedby=\"caption-attachment-10978\" class=\"size-full wp-image-10978\" src=\"https:\/\/discoveryartfair.com\/wp-content\/uploads\/2024\/11\/Ralf-Klement-sculpture.jpg\" alt=\"Ralf Klement sculpture\" width=\"563\" height=\"750\" srcset=\"https:\/\/discoveryartfair.com\/wp-content\/uploads\/2024\/11\/Ralf-Klement-sculpture.jpg 563w, https:\/\/discoveryartfair.com\/wp-content\/uploads\/2024\/11\/Ralf-Klement-sculpture-225x300.jpg 225w\" sizes=\"auto, (max-width: 563px) 100vw, 563px\" \/><\/p>\n<p id=\"caption-attachment-10978\" class=\"wp-caption-text\">Ralf Klement sculpture (<a href=\"https:\/\/www.steinberger-galerien.de\/\" target=\"_blank\" rel=\"noopener\">Steinberger Galerien<\/a>)<\/p>\n<\/div>\n<div id=\"attachment_10977\" style=\"width: 573px\" class=\"wp-caption aligncenter\"><img loading=\"lazy\" decoding=\"async\" aria-describedby=\"caption-attachment-10977\" class=\"size-full wp-image-10977\" src=\"https:\/\/discoveryartfair.com\/wp-content\/uploads\/2024\/11\/Ralf-Klement-sculpture-1.jpg\" alt=\"Ralf Klement sculptures\" width=\"563\" height=\"750\" srcset=\"https:\/\/discoveryartfair.com\/wp-content\/uploads\/2024\/11\/Ralf-Klement-sculpture-1.jpg 563w, https:\/\/discoveryartfair.com\/wp-content\/uploads\/2024\/11\/Ralf-Klement-sculpture-1-225x300.jpg 225w\" sizes=\"auto, (max-width: 563px) 100vw, 563px\" \/><\/p>\n<p id=\"caption-attachment-10977\" class=\"wp-caption-text\">Ralf Klement sculptures (<a href=\"https:\/\/www.steinberger-galerien.de\/\" target=\"_blank\" rel=\"noopener\">Steinberger Galerien<\/a>)<\/p>\n<\/div>\n<div id=\"attachment_10974\" style=\"width: 573px\" class=\"wp-caption aligncenter\"><img loading=\"lazy\" decoding=\"async\" aria-describedby=\"caption-attachment-10974\" class=\"size-full wp-image-10974\" src=\"https:\/\/discoveryartfair.com\/wp-content\/uploads\/2024\/11\/Michael-Pickl-sculpture.jpg\" alt=\"Michael Pickl sculpture\" width=\"563\" height=\"750\" srcset=\"https:\/\/discoveryartfair.com\/wp-content\/uploads\/2024\/11\/Michael-Pickl-sculpture.jpg 563w, https:\/\/discoveryartfair.com\/wp-content\/uploads\/2024\/11\/Michael-Pickl-sculpture-225x300.jpg 225w\" sizes=\"auto, (max-width: 563px) 100vw, 563px\" \/><\/p>\n<p id=\"caption-attachment-10974\" class=\"wp-caption-text\">Michael Pickl sculpture (<a href=\"https:\/\/www.steinberger-galerien.de\/\" target=\"_blank\" rel=\"noopener\">Steinberger Galerien<\/a>)<\/p>\n<\/div>\n<div id=\"attachment_10975\" style=\"width: 642px\" class=\"wp-caption aligncenter\"><img loading=\"lazy\" decoding=\"async\" aria-describedby=\"caption-attachment-10975\" class=\"size-full wp-image-10975\" src=\"https:\/\/discoveryartfair.com\/wp-content\/uploads\/2024\/11\/Raimund-Goebner-sculpture.jpg\" alt=\"Raimund Goebner sculpture\" width=\"632\" height=\"750\" srcset=\"https:\/\/discoveryartfair.com\/wp-content\/uploads\/2024\/11\/Raimund-Goebner-sculpture.jpg 632w, https:\/\/discoveryartfair.com\/wp-content\/uploads\/2024\/11\/Raimund-Goebner-sculpture-253x300.jpg 253w\" sizes=\"auto, (max-width: 632px) 100vw, 632px\" \/><\/p>\n<p id=\"caption-attachment-10975\" class=\"wp-caption-text\">Raimund Goebner sculpture (<a href=\"https:\/\/www.galerie-gentges.de\/\" target=\"_blank\" rel=\"noopener\">ARTHUS Galerie<\/a>)<\/p>\n<\/div>\n<div id=\"attachment_10986\" style=\"width: 596px\" class=\"wp-caption aligncenter\"><img loading=\"lazy\" decoding=\"async\" aria-describedby=\"caption-attachment-10986\" class=\"size-full wp-image-10986\" src=\"https:\/\/discoveryartfair.com\/wp-content\/uploads\/2024\/11\/Stefan-Neidhard-sculpture.jpg\" alt=\"Stefan Neidhard sculpture\" width=\"586\" height=\"750\" srcset=\"https:\/\/discoveryartfair.com\/wp-content\/uploads\/2024\/11\/Stefan-Neidhard-sculpture.jpg 586w, https:\/\/discoveryartfair.com\/wp-content\/uploads\/2024\/11\/Stefan-Neidhard-sculpture-234x300.jpg 234w\" sizes=\"auto, (max-width: 586px) 100vw, 586px\" \/><\/p>\n<p id=\"caption-attachment-10986\" class=\"wp-caption-text\">Stefan Neidhard sculpture (<a href=\"https:\/\/galerie-alexf.de\/\" target=\"_blank\" rel=\"noopener\">Galerie Alex F.<\/a>)<\/p>\n<\/div>\n<div id=\"attachment_10985\" style=\"width: 723px\" class=\"wp-caption aligncenter\"><img loading=\"lazy\" decoding=\"async\" aria-describedby=\"caption-attachment-10985\" class=\"size-full wp-image-10985\" src=\"https:\/\/discoveryartfair.com\/wp-content\/uploads\/2024\/11\/Eric-Perathoner-sculptures.jpg\" alt=\"Eric Perathoner sculptures\" width=\"713\" height=\"750\" srcset=\"https:\/\/discoveryartfair.com\/wp-content\/uploads\/2024\/11\/Eric-Perathoner-sculptures.jpg 713w, https:\/\/discoveryartfair.com\/wp-content\/uploads\/2024\/11\/Eric-Perathoner-sculptures-285x300.jpg 285w\" sizes=\"auto, (max-width: 713px) 100vw, 713px\" \/><\/p>\n<p id=\"caption-attachment-10985\" class=\"wp-caption-text\"><a href=\"https:\/\/www.ericsculptor.com\/\" target=\"_blank\" rel=\"noopener\">Eric Perathoner<\/a> sculptures<\/p>\n<\/div>\n<h2>Kunstwerke aus Holz auf der DAF Frankfurt<\/h2>\n<p>Vor dem Eingang der Halle werden die Besucher von der monumentalen Skulptur \u201eUns bl\u00fcht die Freiheit\u201c von Achim Ripperger begr\u00fc\u00dft, die an das 75-j\u00e4hrige Bestehen des ersten deutschen Grundgesetzes erinnert. Auf der Messe ist Rippergers Werk mit mehreren kleineren Arbeiten am Stand der LIMES Art Collection vertreten.<\/p>\n<p>Dieses imposante Werk bildet den Rahmen f\u00fcr das, was in der Halle gezeigt wird.<\/p>\n<p>Unmittelbar am Halleneingang wird der Besucher von einer unnahbaren Gesellschaft von Figuren begr\u00fc\u00dft. Diese wurde von Jozek Nowak (ARP Galerie) geschnitzt und erinnert an eine moderne soziale Situation \u2013 gemeinsam allein. Die Skulpturen sind roh in der Ausf\u00fchrung, sie sind greifbar und doch distanziert. Sie strahlen ein eher beunruhigendes Gef\u00fchl aus, so als w\u00e4ren sie in der Zeit gefangen und w\u00fcrden uns fragen, wo wir in uns in unseren sozialen Umgebungen befinden.<\/p>\n<p>Auf dem Skulpturen-Korridor durch die Messe st\u00f6\u00dft man auf Objekte und Arbeiten aus Bronze und Papier. In der linken Ecke der Halle, bei den Werken des renommierten K\u00fcnstlers Stephan Balkenhol, erwarten uns dann weitere Holzarbeiten. Sein Werk ist mit mehreren Bronzest\u00fccken und einem malerei\u00e4hnlichen Objekt aus Holz vertreten, die seine metaphysische, einfache und doch beredte Bildsprache zeigen.<\/p>\n<p>Auf dem R\u00fcckweg treffen wir auf die unberechenbaren Kreationen von Ralf Klement, die allt\u00e4gliche Gegenst\u00e4nde in einer merkw\u00fcrdigen Weise und Proportion zeigen. Sie werden begleitet von Frank Leskes menschlichen Studien aus geschw\u00e4rztem Holz.<\/p>\n<p>Wie zu erwarten steht die menschliche Figur im Mittelpunkt, und viele Bildhauer pr\u00e4sentieren hierbei ihre ganz eigenen Darstellungen. Ob gro\u00df-\u00e4therisch oder st\u00e4mmig-charaktervoll: Jede der menschlichen Skulpturen deutet eine gr\u00f6\u00dfere Geschichte an.<\/p>\n<div id=\"attachment_10979\" style=\"width: 809px\" class=\"wp-caption aligncenter\"><img loading=\"lazy\" decoding=\"async\" aria-describedby=\"caption-attachment-10979\" class=\"size-full wp-image-10979\" src=\"https:\/\/discoveryartfair.com\/wp-content\/uploads\/2024\/11\/Silvio-Ukat-sculpture.jpg\" alt=\"Silvio Ukat sculpture\" width=\"799\" height=\"750\" srcset=\"https:\/\/discoveryartfair.com\/wp-content\/uploads\/2024\/11\/Silvio-Ukat-sculpture.jpg 799w, https:\/\/discoveryartfair.com\/wp-content\/uploads\/2024\/11\/Silvio-Ukat-sculpture-300x282.jpg 300w, https:\/\/discoveryartfair.com\/wp-content\/uploads\/2024\/11\/Silvio-Ukat-sculpture-768x721.jpg 768w\" sizes=\"auto, (max-width: 799px) 100vw, 799px\" \/><\/p>\n<p id=\"caption-attachment-10979\" class=\"wp-caption-text\">Silvio Ukat sculpture (<a href=\"https:\/\/www.galerie-z22.com\/\" target=\"_blank\" rel=\"noopener\">Z22 Gallery<\/a>)<\/p>\n<\/div>\n<div id=\"attachment_10970\" style=\"width: 676px\" class=\"wp-caption aligncenter\"><img loading=\"lazy\" decoding=\"async\" aria-describedby=\"caption-attachment-10970\" class=\"size-full wp-image-10970\" src=\"https:\/\/discoveryartfair.com\/wp-content\/uploads\/2024\/11\/Kurt-Adam-Arnold-sculpture.jpg\" alt=\"Kurt Adam Arnold sculpture\" width=\"666\" height=\"750\" srcset=\"https:\/\/discoveryartfair.com\/wp-content\/uploads\/2024\/11\/Kurt-Adam-Arnold-sculpture.jpg 666w, https:\/\/discoveryartfair.com\/wp-content\/uploads\/2024\/11\/Kurt-Adam-Arnold-sculpture-266x300.jpg 266w\" sizes=\"auto, (max-width: 666px) 100vw, 666px\" \/><\/p>\n<p id=\"caption-attachment-10970\" class=\"wp-caption-text\"><a href=\"https:\/\/www.kurt-adam-arnold.de\/\" target=\"_blank\" rel=\"noopener\">Kurt Adam Arnold<\/a> sculpture<\/p>\n<\/div>\n<div id=\"attachment_10973\" style=\"width: 573px\" class=\"wp-caption aligncenter\"><img loading=\"lazy\" decoding=\"async\" aria-describedby=\"caption-attachment-10973\" class=\"size-full wp-image-10973\" src=\"https:\/\/discoveryartfair.com\/wp-content\/uploads\/2024\/11\/Diederick-Storms-sculpture-wood.jpg\" alt=\"Diederick Storms sculpture - wood\" width=\"563\" height=\"750\" srcset=\"https:\/\/discoveryartfair.com\/wp-content\/uploads\/2024\/11\/Diederick-Storms-sculpture-wood.jpg 563w, https:\/\/discoveryartfair.com\/wp-content\/uploads\/2024\/11\/Diederick-Storms-sculpture-wood-225x300.jpg 225w\" sizes=\"auto, (max-width: 563px) 100vw, 563px\" \/><\/p>\n<p id=\"caption-attachment-10973\" class=\"wp-caption-text\">Diederick Storms sculpture &#8211; wood and plexiglas (<a href=\"https:\/\/www.steinberger-galerien.de\/\" target=\"_blank\" rel=\"noopener\">Steinberger Galerien<\/a>)<\/p>\n<\/div>\n<div id=\"attachment_10969\" style=\"width: 573px\" class=\"wp-caption aligncenter\"><img loading=\"lazy\" decoding=\"async\" aria-describedby=\"caption-attachment-10969\" class=\"size-full wp-image-10969\" src=\"https:\/\/discoveryartfair.com\/wp-content\/uploads\/2024\/11\/Antique-Pieta-at-CP-Arts-booth.jpg\" alt=\"Antique Pieta at CP Arts booth\" width=\"563\" height=\"750\" srcset=\"https:\/\/discoveryartfair.com\/wp-content\/uploads\/2024\/11\/Antique-Pieta-at-CP-Arts-booth.jpg 563w, https:\/\/discoveryartfair.com\/wp-content\/uploads\/2024\/11\/Antique-Pieta-at-CP-Arts-booth-225x300.jpg 225w\" sizes=\"auto, (max-width: 563px) 100vw, 563px\" \/><\/p>\n<p id=\"caption-attachment-10969\" class=\"wp-caption-text\">Antique Pieta at CP Arts booth (<a href=\"https:\/\/cp-arts.de\/\" target=\"_blank\" rel=\"noopener\">CP Arts<\/a>)<\/p>\n<\/div>\n<div id=\"attachment_10971\" style=\"width: 573px\" class=\"wp-caption aligncenter\"><img loading=\"lazy\" decoding=\"async\" aria-describedby=\"caption-attachment-10971\" class=\"size-full wp-image-10971\" src=\"https:\/\/discoveryartfair.com\/wp-content\/uploads\/2024\/11\/Hubert-Mussner-sculpture.jpg\" alt=\"Hubert Mussner sculpture\" width=\"563\" height=\"750\" srcset=\"https:\/\/discoveryartfair.com\/wp-content\/uploads\/2024\/11\/Hubert-Mussner-sculpture.jpg 563w, https:\/\/discoveryartfair.com\/wp-content\/uploads\/2024\/11\/Hubert-Mussner-sculpture-225x300.jpg 225w\" sizes=\"auto, (max-width: 563px) 100vw, 563px\" \/><\/p>\n<p id=\"caption-attachment-10971\" class=\"wp-caption-text\">Eric Perathoner sculpture<\/p>\n<\/div>\n<h2>Experimente mit Form und Konzept in der Holzkunst<\/h2>\n<p>In Abkehr von der menschenzentrierten Kunst und begleitet von verspielten Miniaturen erg\u00e4nzt Silvio Ukats Serie von Tierskulpturen aus Holz die Ausstellung. Seine Herangehensweise an Holz und Farbe ist eine einzigartige Position in Holzbearbeitung und -ausdruck, wobei das Thema wichtiger ist als das Material selbst. Obwohl es das Wesen von Ukats Werken ausmacht, ist das Holz fast nicht zu erkennen.<\/p>\n<p>Auf dem Weg zum anderen Ende der Messefl\u00e4che, treffen wir auf eine Gruppe frommer Figuren von Eric Perathoner. Ihre reduzierte Form, ihre leeren Blicke erinnern an eine moderne Spiritualit\u00e4t, wobei die harmonischen Proportionen und ihre sch\u00f6ne Ausf\u00fchrung sie zu sch\u00f6nen Sammlerst\u00fccken machen.<br \/>\nAm anderen Ende der Halle, angrenzend an den Balkenhol-Bereich, steht eine weitere Holzskulptur von Hubert Mussner, vertreten durch Galaria Cater, eine regelm\u00e4\u00dfige und ausschlie\u00dflich Holzskulpturen ausstellende Teilnehmerin der Discovery Art Fair. Die Skulptur zeigt \u2013 in \u00fcbernat\u00fcrlicher Gr\u00f6\u00dfe beim Yoga-Kopfstand \u2013 einen Mann, der uns daran erinnert, das Gleichgewicht zu halten, und gleichzeitig die Verg\u00e4nglichkeit und Unbest\u00e4ndigkeit der menschlichen Form anmahnt.<\/p>\n<p>CP Arts schlie\u00dflich stellt zwei antike Madonnen aus, aus Holz geschnitzt, bemalt und konserviert, die von der jahrhundertealten Tradition dieser Kunst zeugen.<\/p>\n<p>Es w\u00e4re ein schwieriges Unterfangen, jede einzelne Holzskulptur der DAF-Ausgabe Frankfurt 2024 herauszuheben \u2013 denn es sind tats\u00e4chlich viele. Wer also sowohl die Tradition des Kunsthandwerks als auch frischen k\u00fcnstlerischen Ausdruck mag, sollte unbedingt die <a href=\"https:\/\/discoveryartfair.com\/de\/\" rel=\"noopener\" target=\"_blank\">Discovery Art Fair<\/a> besuchen. Bekommen Sie ein neues Gef\u00fchl daf\u00fcr, wo die deutsche Holzskulptur heute und in naher Zukunft steht.<\/p>\n<div id=\"attachment_10987\" style=\"width: 1150px\" class=\"wp-caption aligncenter\"><img loading=\"lazy\" decoding=\"async\" aria-describedby=\"caption-attachment-10987\" class=\"size-full wp-image-10987\" src=\"https:\/\/discoveryartfair.com\/wp-content\/uploads\/2024\/11\/Hubert-Mussner-sculpture-group.jpg\" alt=\"Hubert Mussner sculpture group\" width=\"1140\" height=\"750\" srcset=\"https:\/\/discoveryartfair.com\/wp-content\/uploads\/2024\/11\/Hubert-Mussner-sculpture-group.jpg 1140w, https:\/\/discoveryartfair.com\/wp-content\/uploads\/2024\/11\/Hubert-Mussner-sculpture-group-300x197.jpg 300w, https:\/\/discoveryartfair.com\/wp-content\/uploads\/2024\/11\/Hubert-Mussner-sculpture-group-1024x674.jpg 1024w, https:\/\/discoveryartfair.com\/wp-content\/uploads\/2024\/11\/Hubert-Mussner-sculpture-group-768x505.jpg 768w\" sizes=\"auto, (max-width: 1140px) 100vw, 1140px\" \/><\/p>\n<p id=\"caption-attachment-10987\" class=\"wp-caption-text\">Hubert Mussner sculpture group (<a href=\"https:\/\/www.galariacater.it\/\" target=\"_blank\" rel=\"noopener\">Galaria Cater<\/a>)<\/p>\n<\/div>\n<div id=\"attachment_10976\" style=\"width: 1150px\" class=\"wp-caption aligncenter\"><img loading=\"lazy\" decoding=\"async\" aria-describedby=\"caption-attachment-10976\" class=\"size-full wp-image-10976\" src=\"https:\/\/discoveryartfair.com\/wp-content\/uploads\/2024\/11\/Silvio-Ukat-sculptures-at-Z22.jpg\" alt=\"Silvio Ukat sculptures at Z22\" width=\"1140\" height=\"774\" srcset=\"https:\/\/discoveryartfair.com\/wp-content\/uploads\/2024\/11\/Silvio-Ukat-sculptures-at-Z22.jpg 1140w, https:\/\/discoveryartfair.com\/wp-content\/uploads\/2024\/11\/Silvio-Ukat-sculptures-at-Z22-300x204.jpg 300w, https:\/\/discoveryartfair.com\/wp-content\/uploads\/2024\/11\/Silvio-Ukat-sculptures-at-Z22-1024x695.jpg 1024w, https:\/\/discoveryartfair.com\/wp-content\/uploads\/2024\/11\/Silvio-Ukat-sculptures-at-Z22-768x521.jpg 768w\" sizes=\"auto, (max-width: 1140px) 100vw, 1140px\" \/><\/p>\n<p id=\"caption-attachment-10976\" class=\"wp-caption-text\">Silvio Ukat sculptures at Z22<\/p>\n<\/div>\n","protected":false},"excerpt":{"rendered":"<p>Woran denken wir, wenn wir an eine Skulptur denken? An eine glei\u00dfend helle, perfekte Marmorarbeit oder ein strenges Bronzeportr\u00e4t? Wie oft denken wir an Holz als bescheidenes, uraltes und vielfach traditionelles Material? Als scheinbar verg\u00e4ngliches Material wurde Holz im Laufe der Zeit durch Metall und Stein ersetzt. Insbesondere in Deutschland gibt es jedoch eine Reihe [&hellip;]<\/p>\n","protected":false},"author":7,"featured_media":10988,"comment_status":"open","ping_status":"open","sticky":false,"template":"","format":"standard","meta":{"_acf_changed":false,"footnotes":""},"categories":[139],"tags":[233],"class_list":["post-11062","post","type-post","status-publish","format-standard","has-post-thumbnail","hentry","category-news-de","tag-frankfurt-de"],"acf":[],"_links":{"self":[{"href":"https:\/\/discoveryartfair.com\/de\/wp-json\/wp\/v2\/posts\/11062","targetHints":{"allow":["GET"]}}],"collection":[{"href":"https:\/\/discoveryartfair.com\/de\/wp-json\/wp\/v2\/posts"}],"about":[{"href":"https:\/\/discoveryartfair.com\/de\/wp-json\/wp\/v2\/types\/post"}],"author":[{"embeddable":true,"href":"https:\/\/discoveryartfair.com\/de\/wp-json\/wp\/v2\/users\/7"}],"replies":[{"embeddable":true,"href":"https:\/\/discoveryartfair.com\/de\/wp-json\/wp\/v2\/comments?post=11062"}],"version-history":[{"count":1,"href":"https:\/\/discoveryartfair.com\/de\/wp-json\/wp\/v2\/posts\/11062\/revisions"}],"predecessor-version":[{"id":11063,"href":"https:\/\/discoveryartfair.com\/de\/wp-json\/wp\/v2\/posts\/11062\/revisions\/11063"}],"wp:featuredmedia":[{"embeddable":true,"href":"https:\/\/discoveryartfair.com\/de\/wp-json\/wp\/v2\/media\/10988"}],"wp:attachment":[{"href":"https:\/\/discoveryartfair.com\/de\/wp-json\/wp\/v2\/media?parent=11062"}],"wp:term":[{"taxonomy":"category","embeddable":true,"href":"https:\/\/discoveryartfair.com\/de\/wp-json\/wp\/v2\/categories?post=11062"},{"taxonomy":"post_tag","embeddable":true,"href":"https:\/\/discoveryartfair.com\/de\/wp-json\/wp\/v2\/tags?post=11062"}],"curies":[{"name":"wp","href":"https:\/\/api.w.org\/{rel}","templated":true}]}}