{"id":10557,"date":"2023-10-18T08:43:15","date_gmt":"2023-10-18T08:43:15","guid":{"rendered":"https:\/\/discoveryartfair.com\/?p=10557\/"},"modified":"2023-10-26T08:43:43","modified_gmt":"2023-10-26T08:43:43","slug":"galerie-am-dom-frankfurt-2023","status":"publish","type":"post","link":"https:\/\/discoveryartfair.com\/de\/galerie-am-dom-frankfurt-2023\/","title":{"rendered":"Galerie am Dom pr\u00e4sentiert: Wunderkabinett der Kunst auf der DAF Frankfurt 2023"},"content":{"rendered":"<p>Bereits seit 1993 pr\u00e4sentiert die <a href=\"https:\/\/www.galerie-am-dom.de\/\" rel=\"noopener\" target=\"_blank\">Galerie am Dom<\/a> in Wetzlar dem lokalen Publikum gefeierte deutsche und internationale zeitgen\u00f6ssische K\u00fcnstler:innen. Mit mehr als 100 verwirklichten Ausstellungen ist die Galerie in drei Jahrzehnten ein wahrlich unverzichtbarer Umschlagplatz f\u00fcr Kunst zwischen Frankfurt und K\u00f6ln geworden. <\/p>\n<p>Auf moderne und zeitgen\u00f6ssische Kunst spezialisiert, hat die Galerie nicht weniger ausgestellt als Arbeiten von Koryph\u00e4en, so z. B. Horst Antes, Elvira Bach, Stephan Balkenhol, Luciano Castelli, Christo &#038; Jeanne-Claude und Tony Cragg sowie Niki de Saint Phalle, Klaus Fu\u00dfmann, Johannes H\u00fcppi, Roy Lichtenstein, Markus L\u00fcpertz, Heinz Mack, Armin Mueller-Stahl, Otto Piene, G\u00fcnther Uecker, Andy Warhol oder Tom Wesselmann, dar\u00fcber hinaus auch viele j\u00fcngere Talente wie u. a. Jes\u00fas Curi\u00e1, Kristina Fiand, Matthias Garff, Ernst Gro\u00df, Olaf Hajek, Hannes Helmke, Suscha Korte, Corjan Nodelijk, Erik Offermann, Nikki Pelaez, Edvardas Racevicius, Stephanie Marie Roos, Janos Schaab, Salustiano, Slava Seidel, Gan-Erdene Tsend und Jorge Villalba. Neben diesem reichhaltigen Kunstprogramm ist die Galerie Anbieter exklusiver Dienstleistungen, z. B. die pers\u00f6nliche Beratung f\u00fcr Sammler:innen, Rahmungen in Museumsqualit\u00e4t und die Restaurierung von Gem\u00e4lden, Arbeiten auf Papier und Rahmen. Zudem kooperiert die Galerie am Dom mit verschiedenen st\u00e4dtischen Einrichtungen und organisiert gro\u00dfe, wirkm\u00e4chtige Ausstellungen. <\/p>\n<p>Als regelm\u00e4\u00dfige Teilnehmerin an den renommierten regionalen Kunstmessen ist die <strong>Galerie am Dom auch in diesem Jahr bei der Discovery Art Fair in Frankfurt<\/strong> dabei und pr\u00e4sentiert dieses Mal ausgew\u00e4hlte Arbeiten von Matthias Garff, Olaf Hajek, Corjan Nodelijk und Jorge Villalba. <\/p>\n<div id=\"attachment_10547\" style=\"width: 1210px\" class=\"wp-caption aligncenter\"><img loading=\"lazy\" decoding=\"async\" aria-describedby=\"caption-attachment-10547\" src=\"https:\/\/discoveryartfair.com\/wp-content\/uploads\/2023\/10\/Matthias-Garff-birds.jpg\" alt=\"Matthias Garff birds\" width=\"1200\" height=\"700\" class=\"size-full wp-image-10547\" srcset=\"https:\/\/discoveryartfair.com\/wp-content\/uploads\/2023\/10\/Matthias-Garff-birds.jpg 1200w, https:\/\/discoveryartfair.com\/wp-content\/uploads\/2023\/10\/Matthias-Garff-birds-300x175.jpg 300w, https:\/\/discoveryartfair.com\/wp-content\/uploads\/2023\/10\/Matthias-Garff-birds-1024x597.jpg 1024w, https:\/\/discoveryartfair.com\/wp-content\/uploads\/2023\/10\/Matthias-Garff-birds-768x448.jpg 768w\" sizes=\"auto, (max-width: 1200px) 100vw, 1200px\" \/><\/p>\n<p id=\"caption-attachment-10547\" class=\"wp-caption-text\">Matthias Garff<\/p>\n<\/div>\n<h2>Matthias Garffs kurioses Bestiarium<\/h2>\n<p>Indem er von der Gegenwartswelt entsorgte Objekte sammelt, erschafft <a href=\"https:\/\/www.garff.de\/\" rel=\"noopener\" target=\"_blank\">Matthias Garff<\/a> sonderbare Vogel- sowie Insekten- und weitere Kriechtierfiguren. Sein Spiel mit den urspr\u00fcnglichen Farben und Formen der Gegenst\u00e4nde f\u00fchrt zu heiteren, fr\u00f6hlichen Skulpturen, die die Natur bestm\u00f6glich imitieren. Ein solches Bestiarium erinnert mit seinen ausgestellten Exemplaren an die eher n\u00fcchterne, konservierende Sammlungspraxis mancher Museen,<br \/>\nwelche hierbei durch den kreativen Prozess zu neuem Leben erweckt wird. Die Betrachtenden sind etwas verwundert, interessiert \u2013 und vor allem am\u00fcsiert.<br \/>\nDer in der Schweiz geborene Matthias Garff studierte in Dresden. Seine Arbeiten befinden sich in mehreren Sammlungen von Rang, z. B. der Sammlung des Deutschen Bundestages. Die Besucher:innen der Discovery Art Fair in Frankfurt haben die Gelegenheit, sich pers\u00f6nlich an Garffs Arbeit zu erfreuen. <\/p>\n<div id=\"attachment_10549\" style=\"width: 1210px\" class=\"wp-caption aligncenter\"><img loading=\"lazy\" decoding=\"async\" aria-describedby=\"caption-attachment-10549\" src=\"https:\/\/discoveryartfair.com\/wp-content\/uploads\/2023\/10\/Olaf-Hajek-paintings.jpg\" alt=\"Olaf Hajek paintings\" width=\"1200\" height=\"700\" class=\"size-full wp-image-10549\" srcset=\"https:\/\/discoveryartfair.com\/wp-content\/uploads\/2023\/10\/Olaf-Hajek-paintings.jpg 1200w, https:\/\/discoveryartfair.com\/wp-content\/uploads\/2023\/10\/Olaf-Hajek-paintings-300x175.jpg 300w, https:\/\/discoveryartfair.com\/wp-content\/uploads\/2023\/10\/Olaf-Hajek-paintings-1024x597.jpg 1024w, https:\/\/discoveryartfair.com\/wp-content\/uploads\/2023\/10\/Olaf-Hajek-paintings-768x448.jpg 768w\" sizes=\"auto, (max-width: 1200px) 100vw, 1200px\" \/><\/p>\n<p id=\"caption-attachment-10549\" class=\"wp-caption-text\">Olaf Hajek paintings<\/p>\n<\/div>\n<h2>Olaf Hajeks lebendige Visionen<\/h2>\n<p>Der renommierte deutsche Illustrator, Maler, K\u00fcnstler, Grafikdesigner und Autor <a href=\"https:\/\/olafhajek.com\/\" rel=\"noopener\" target=\"_blank\">Olaf Hajek<\/a> verbringt seine Zeit zwischen Berlin, New York, London, S\u00fcdafrika und Mallorca. Seine Arbeiten hat er weltweit ausgestellt, und seine beeindruckende Kundenliste beinhaltet ber\u00fchmteste Marken und Zeitschriften, u. a. New Yorker, Mont Blanc, Meissen Porzellan, Ritz Carlton und Anthropologie.<br \/>\nSeine Arbeiten sind voller Strahlkraft, erf\u00fcllt von leuchtenden Farben und Leben und bilden Fauna und Flora, Menschen und Gegenst\u00e4nde ab, die er im Geiste aus seiner Umgebung sammelt. \u00dcber die Stilisierung und Ausschm\u00fcckung mit Symbolen erz\u00e4hlen sie vom gegenw\u00e4rtigen Leben, das in ein surreales Reich transzendiert ist. Seine Kunst atmet den Geist von Gauguin, Frida Kahlo und Henri Rousseau, da sie die visuell wirkungsvollsten Elemente der modernen Kunst in postmoderne, traum\u00e4hnliche Visionen einbezieht.<br \/>\nHajeks Kunst ist etwas f\u00fcr Menschen, die Bilderreichtum lieben. Die Besucher:innen der DAF k\u00f6nnen sie mit der Galerie am Dom in Frankfurt erleben. <\/p>\n<div id=\"attachment_10545\" style=\"width: 1210px\" class=\"wp-caption aligncenter\"><img loading=\"lazy\" decoding=\"async\" aria-describedby=\"caption-attachment-10545\" src=\"https:\/\/discoveryartfair.com\/wp-content\/uploads\/2023\/10\/Corjan-Nodelijk.jpg\" alt=\"Corjan Nodelijk\" width=\"1200\" height=\"700\" class=\"size-full wp-image-10545\" srcset=\"https:\/\/discoveryartfair.com\/wp-content\/uploads\/2023\/10\/Corjan-Nodelijk.jpg 1200w, https:\/\/discoveryartfair.com\/wp-content\/uploads\/2023\/10\/Corjan-Nodelijk-300x175.jpg 300w, https:\/\/discoveryartfair.com\/wp-content\/uploads\/2023\/10\/Corjan-Nodelijk-1024x597.jpg 1024w, https:\/\/discoveryartfair.com\/wp-content\/uploads\/2023\/10\/Corjan-Nodelijk-768x448.jpg 768w\" sizes=\"auto, (max-width: 1200px) 100vw, 1200px\" \/><\/p>\n<p id=\"caption-attachment-10545\" class=\"wp-caption-text\">Corjan Nodelijk<\/p>\n<\/div>\n<h2>Corjan Nodelijks bezaubernde Kuriosit\u00e4ten<\/h2>\n<p>Der Komponist und Geschichtenerz\u00e4hler <a href=\"https:\/\/www.galerie-am-dom.de\/kuenstler-innen\/corjan-nodelijk\/\" rel=\"noopener\" target=\"_blank\">Corjan Nodelijk<\/a> erschafft faszinierende Skulpturen, die Neugier und Freude ausl\u00f6sen. Seine sonderbare Truppe stellt eine nicht enden wollende Reihe von Kuriosit\u00e4ten dar, die der Welt der Poesie und Weisheit entnommen sind. Dies ist eher ein Kabinett denn ein Bestiarium, zumal die kleinen Statuetten \u2013 obgleich aus nat\u00fcrlichen Elementen gebildet \u2013 jedem Naturgesetz trotzen. Indem er diese seltsamen Kreaturen heraufbeschw\u00f6rt, stellt Nodelijk die Realit\u00e4t in Frage \u2013 was ist gegeben, was nicht \u2013 und regt zur Diskussion an. \u201ePerfektion ist langweilig,\u201c sagt er und erlaubt es seinen Fantasien, ihn durch einen kreativen Prozess zu leiten, ein \u00fcber den Realismus hinausgehender Ansatz, der in die Welt einer unerwarteten \u00c4sthetik eindringt.<br \/>\nDer Niederl\u00e4nder Corjan Nodelijk wird von der Galerie am Dom bei der DAF Frankfurt vertreten, die Kunstliebhaber:innen die einzigartige Gelegenheit er\u00f6ffnet, seine geistreichen Skulpturen zu erleben. <\/p>\n<div id=\"attachment_10546\" style=\"width: 1210px\" class=\"wp-caption aligncenter\"><img loading=\"lazy\" decoding=\"async\" aria-describedby=\"caption-attachment-10546\" src=\"https:\/\/discoveryartfair.com\/wp-content\/uploads\/2023\/10\/Jorge-Villalba-paintings.jpg\" alt=\"Jorge Villalba paintings\" width=\"1200\" height=\"700\" class=\"size-full wp-image-10546\" srcset=\"https:\/\/discoveryartfair.com\/wp-content\/uploads\/2023\/10\/Jorge-Villalba-paintings.jpg 1200w, https:\/\/discoveryartfair.com\/wp-content\/uploads\/2023\/10\/Jorge-Villalba-paintings-300x175.jpg 300w, https:\/\/discoveryartfair.com\/wp-content\/uploads\/2023\/10\/Jorge-Villalba-paintings-1024x597.jpg 1024w, https:\/\/discoveryartfair.com\/wp-content\/uploads\/2023\/10\/Jorge-Villalba-paintings-768x448.jpg 768w\" sizes=\"auto, (max-width: 1200px) 100vw, 1200px\" \/><\/p>\n<p id=\"caption-attachment-10546\" class=\"wp-caption-text\">Jorge Villalba paintings<\/p>\n<\/div>\n<h2>Jorge Villalbas Virtuosit\u00e4t<\/h2>\n<p><a href=\"https:\/\/jorge-villalba.com\/\" rel=\"noopener\" target=\"_blank\">Jorge Villalba<\/a> konserviert die Kunst der alten Meister. Sein verfeinerter Realismus erinnert an die Meisterwerke der Renaissance und des Barock, wobei die pr\u00e4sentierte Bildsprache sein Werk in einen zeitgen\u00f6ssischen Kontext stellt. Das hei\u00dft: Wir haben es nicht mit einem Ritter zu tun, sondern damit, wie wir uns heute einen Ritter vorstellen. Indem er seine Gem\u00e4lde mit Wendungen und Humor versieht, kehrt Villalba seine akribische, bemerkenswerte Technik hervor.<br \/>\nDer urspr\u00fcnglich aus Spanien stammende Jorge Villalba kam nach dem Abschluss seines Studiums in Alicante und Valencia nach Deutschland und schloss sich dort der Bauhaus Universit\u00e4t Weimar an. Der preisgekr\u00f6nte K\u00fcnstler lebt und arbeitet heute in Deutschland.<br \/>\nWer Realismus, Prunk und Witz liebt, kommt bei Villalbas Arbeiten bei der kommenden DAF in Frankfurt auf seine Kosten.<\/p>\n<p>*<\/p>\n<p>Vom 2. &#8211; 5. November 2023 hei\u00dft die <a href=\"https:\/\/discoveryartfair.com\/de\/fairs\/frankfurt\/\" rel=\"noopener\" target=\"_blank\">Discovery Art Fair Frankfurt<\/a> die Galerie am Dom aus Wetzlar und Bad Nauheim und ihre vier renommierten K\u00fcnstler in ihrer \u201eWunderkammer-Messekoje\u201c herzlich willkommen.<\/p>\n<h6>Titelbild: Matthias Garff. Alle Bilder mit freundlicher Genehmigung der Galerie am Dom<\/h6>\n","protected":false},"excerpt":{"rendered":"<p>Bereits seit 1993 pr\u00e4sentiert die Galerie am Dom in Wetzlar dem lokalen Publikum gefeierte deutsche und internationale zeitgen\u00f6ssische K\u00fcnstler:innen. Mit mehr als 100 verwirklichten Ausstellungen ist die Galerie in drei Jahrzehnten ein wahrlich unverzichtbarer Umschlagplatz f\u00fcr Kunst zwischen Frankfurt und K\u00f6ln geworden. Auf moderne und zeitgen\u00f6ssische Kunst spezialisiert, hat die Galerie nicht weniger ausgestellt als [&hellip;]<\/p>\n","protected":false},"author":7,"featured_media":10548,"comment_status":"open","ping_status":"open","sticky":false,"template":"","format":"standard","meta":{"_acf_changed":false,"footnotes":""},"categories":[139],"tags":[121,233],"class_list":["post-10557","post","type-post","status-publish","format-standard","has-post-thumbnail","hentry","category-news-de","tag-exhibitors-de","tag-frankfurt-de"],"acf":[],"_links":{"self":[{"href":"https:\/\/discoveryartfair.com\/de\/wp-json\/wp\/v2\/posts\/10557","targetHints":{"allow":["GET"]}}],"collection":[{"href":"https:\/\/discoveryartfair.com\/de\/wp-json\/wp\/v2\/posts"}],"about":[{"href":"https:\/\/discoveryartfair.com\/de\/wp-json\/wp\/v2\/types\/post"}],"author":[{"embeddable":true,"href":"https:\/\/discoveryartfair.com\/de\/wp-json\/wp\/v2\/users\/7"}],"replies":[{"embeddable":true,"href":"https:\/\/discoveryartfair.com\/de\/wp-json\/wp\/v2\/comments?post=10557"}],"version-history":[{"count":1,"href":"https:\/\/discoveryartfair.com\/de\/wp-json\/wp\/v2\/posts\/10557\/revisions"}],"predecessor-version":[{"id":10558,"href":"https:\/\/discoveryartfair.com\/de\/wp-json\/wp\/v2\/posts\/10557\/revisions\/10558"}],"wp:featuredmedia":[{"embeddable":true,"href":"https:\/\/discoveryartfair.com\/de\/wp-json\/wp\/v2\/media\/10548"}],"wp:attachment":[{"href":"https:\/\/discoveryartfair.com\/de\/wp-json\/wp\/v2\/media?parent=10557"}],"wp:term":[{"taxonomy":"category","embeddable":true,"href":"https:\/\/discoveryartfair.com\/de\/wp-json\/wp\/v2\/categories?post=10557"},{"taxonomy":"post_tag","embeddable":true,"href":"https:\/\/discoveryartfair.com\/de\/wp-json\/wp\/v2\/tags?post=10557"}],"curies":[{"name":"wp","href":"https:\/\/api.w.org\/{rel}","templated":true}]}}